{"id":2620,"date":"2024-04-02T22:30:16","date_gmt":"2024-04-02T20:30:16","guid":{"rendered":"https:\/\/www.lecarrouege.org\/?p=2620"},"modified":"2024-04-05T17:37:13","modified_gmt":"2024-04-05T15:37:13","slug":"grainotheque-2024","status":"publish","type":"post","link":"https:\/\/www.lecarrouege.org\/index.php\/2024\/04\/02\/grainotheque-2024\/","title":{"rendered":"Grainoth\u00e8que 2024"},"content":{"rendered":"\n<p class=\"has-luminous-vivid-amber-background-color has-background\"><strong>La grainoth\u00e8que est actualis\u00e9e pour ce printemps. Elle est \u00e0 votre disposition \u00e0 la boutique et c&rsquo;est GRATUIT !<\/strong><\/p>\n\n\n\n<p>Il y en a pour le potager et le jardin : racines, feuilles, fleurs, gramin\u00e9es &#8230; Ces graines ne sont pas hybrid\u00e9es. Elles sont reproductibles et libres. N&rsquo;h\u00e9sitez pas \u00e0 venir en chercher et \u00e0 en remettre aussi.<\/p>\n\n\n\n<p class=\"has-text-align-center has-luminous-vivid-amber-background-color has-background\"><strong>LA GRAINOTH\u00c8QUE : POURQUOI ?<\/strong><br><br><strong>* Pour la gratuit\u00e9 dans un monde o\u00f9 tout s\u2018ach\u00e8te<\/strong><br><br>Le partage est une mani\u00e8re \u00e9conomique, libre et solidaire de faire (re)d\u00e9couvrir les tr\u00e9sors de la nature \u00e0 nos enfants, \u00e0 nos voisins\u2026<\/p>\n\n\n\n<p class=\"has-text-align-center has-luminous-vivid-amber-background-color has-background\">\u00a0Alors que les graines reproductibles abondent dans nos jardins, les semences hybrides de l&rsquo;industrie semenci\u00e8re constituent un v\u00e9ritable racket annuel des paysans et jardiniers.<br><br><strong>* Pour la libert\u00e9 d&rsquo;\u00e9changer et de reproduire nos graines<\/strong><br><br>Le geste de l&rsquo;\u00e9change est d\u00e9j\u00e0 interdit chez nos paysans et nombreux sont les projets de lois<br>qui menacent sans cesse notre biodiversit\u00e9 cultiv\u00e9e. Ce geste a pourtant b\u00e2ti la diversit\u00e9 des<br>semences depuis des mill\u00e9naires.<br><br><strong>* Pour un entretien citoyen de la biodiversit\u00e9 cultiv\u00e9e<br><br><\/strong>Mauvaise nouvelle, l&rsquo;h\u00e9ritage de notre biodiversit\u00e9 est d\u00e9j\u00e0 perdu \u00e0 75% selon la FAO, d\u00e9truit<br>par une industrie qui nous impose un nombre toujours plus restreint de vari\u00e9t\u00e9s. Avant que<br>d\u2018autres ne sombrent dans l\u2018oubli et ne disparaissent, c\u2018est \u00e0 nous de les entretenir !<strong><br><br>* Pour des semences adapt\u00e9es \u00e0 notre territoire<br><\/strong><br>Des semences standardis\u00e9es r\u00e9clament des conditions standardis\u00e9es, \u00e0 grand renfort<br>d\u2018engrais et de pesticides, et ne sont plus adapt\u00e9es aux diff\u00e9rents territoires. Retrouvons<br>localement les vari\u00e9t\u00e9s adapt\u00e9es et partageons-les ensemble !<br><br><strong>* Pour tous<br><br><\/strong>Pour se r\u00e9approprier la question de la semence, \u00e9changer les savoir-faire. Prenez des graines, reproduisez-les pour en d\u00e9poser \u00e0 votre tour et reprenons en main notre h\u00e9ritage !<\/p>\n\n\n\n<figure class=\"wp-block-image size-large is-resized is-style-default\"><img loading=\"lazy\" decoding=\"async\" width=\"1024\" height=\"857\" src=\"https:\/\/www.lecarrouege.org\/wp-content\/uploads\/2024\/03\/graines-au-23-3-24-1024x857.jpg\" alt=\"\" class=\"wp-image-2631\" style=\"width:839px;height:auto\" srcset=\"https:\/\/www.lecarrouege.org\/wp-content\/uploads\/2024\/03\/graines-au-23-3-24-1024x857.jpg 1024w, https:\/\/www.lecarrouege.org\/wp-content\/uploads\/2024\/03\/graines-au-23-3-24-300x251.jpg 300w, https:\/\/www.lecarrouege.org\/wp-content\/uploads\/2024\/03\/graines-au-23-3-24-768x643.jpg 768w, https:\/\/www.lecarrouege.org\/wp-content\/uploads\/2024\/03\/graines-au-23-3-24-1320x1105.jpg 1320w, https:\/\/www.lecarrouege.org\/wp-content\/uploads\/2024\/03\/graines-au-23-3-24.jpg 1327w\" sizes=\"(max-width: 1024px) 100vw, 1024px\" \/><\/figure>\n\n\n\n<p>Petits conseils en ce qui concerne la plantation des courges :<\/p>\n\n\n\n<figure class=\"wp-block-image size-large is-style-default\"><img loading=\"lazy\" decoding=\"async\" width=\"1024\" height=\"461\" src=\"https:\/\/www.lecarrouege.org\/wp-content\/uploads\/2024\/03\/les-familles-de-cucurbitacees-conseils-1024x461.jpg\" alt=\"\" class=\"wp-image-2633\" srcset=\"https:\/\/www.lecarrouege.org\/wp-content\/uploads\/2024\/03\/les-familles-de-cucurbitacees-conseils-1024x461.jpg 1024w, https:\/\/www.lecarrouege.org\/wp-content\/uploads\/2024\/03\/les-familles-de-cucurbitacees-conseils-300x135.jpg 300w, https:\/\/www.lecarrouege.org\/wp-content\/uploads\/2024\/03\/les-familles-de-cucurbitacees-conseils-768x346.jpg 768w, https:\/\/www.lecarrouege.org\/wp-content\/uploads\/2024\/03\/les-familles-de-cucurbitacees-conseils.jpg 1270w\" sizes=\"(max-width: 1024px) 100vw, 1024px\" \/><\/figure>\n","protected":false},"excerpt":{"rendered":"<p>La grainoth\u00e8que est actualis\u00e9e pour ce printemps. Elle est \u00e0 votre disposition \u00e0 la boutique et c&rsquo;est GRATUIT ! Il y en a pour&#8230;<\/p>\n","protected":false},"author":5,"featured_media":0,"comment_status":"closed","ping_status":"closed","sticky":false,"template":"","format":"standard","meta":{"_acf_changed":false,"footnotes":""},"categories":[4],"tags":[132],"acf":[],"yoast_head":"<!-- This site is optimized with the Yoast SEO plugin v23.5 - https:\/\/yoast.com\/wordpress\/plugins\/seo\/ -->\n<title>Grainoth\u00e8que 2024 - Le Carrou\u00e8ge<\/title>\n<meta name=\"robots\" content=\"index, follow, max-snippet:-1, max-image-preview:large, max-video-preview:-1\" \/>\n<link rel=\"canonical\" href=\"https:\/\/www.lecarrouege.org\/index.php\/2024\/04\/02\/grainotheque-2024\/\" \/>\n<meta property=\"og:locale\" content=\"fr_FR\" \/>\n<meta property=\"og:type\" content=\"article\" \/>\n<meta property=\"og:title\" content=\"Grainoth\u00e8que 2024 - Le Carrou\u00e8ge\" \/>\n<meta property=\"og:description\" content=\"La grainoth\u00e8que est actualis\u00e9e pour ce printemps. Elle est \u00e0 votre disposition \u00e0 la boutique et c&rsquo;est GRATUIT ! Il y en a pour...\" \/>\n<meta property=\"og:url\" content=\"https:\/\/www.lecarrouege.org\/index.php\/2024\/04\/02\/grainotheque-2024\/\" \/>\n<meta property=\"og:site_name\" content=\"Le Carrou\u00e8ge\" \/>\n<meta property=\"article:publisher\" content=\"https:\/\/www.facebook.com\/AdretMorvan\/\" \/>\n<meta property=\"article:published_time\" content=\"2024-04-02T20:30:16+00:00\" \/>\n<meta property=\"article:modified_time\" content=\"2024-04-05T15:37:13+00:00\" \/>\n<meta property=\"og:image\" content=\"https:\/\/www.lecarrouege.org\/wp-content\/uploads\/2024\/03\/graines-au-23-3-24-1024x857.jpg\" \/>\n<meta name=\"author\" content=\"Marie-Agn\u00e8s Brun\" \/>\n<meta name=\"twitter:card\" content=\"summary_large_image\" \/>\n<meta name=\"twitter:label1\" content=\"\u00c9crit par\" \/>\n\t<meta name=\"twitter:data1\" content=\"Marie-Agn\u00e8s Brun\" \/>\n\t<meta name=\"twitter:label2\" content=\"Dur\u00e9e de lecture estim\u00e9e\" \/>\n\t<meta name=\"twitter:data2\" content=\"2 minutes\" \/>\n<script type=\"application\/ld+json\" class=\"yoast-schema-graph\">{\"@context\":\"https:\/\/schema.org\",\"@graph\":[{\"@type\":\"WebPage\",\"@id\":\"https:\/\/www.lecarrouege.org\/index.php\/2024\/04\/02\/grainotheque-2024\/\",\"url\":\"https:\/\/www.lecarrouege.org\/index.php\/2024\/04\/02\/grainotheque-2024\/\",\"name\":\"Grainoth\u00e8que 2024 - Le Carrou\u00e8ge\",\"isPartOf\":{\"@id\":\"https:\/\/www.lecarrouege.org\/#website\"},\"primaryImageOfPage\":{\"@id\":\"https:\/\/www.lecarrouege.org\/index.php\/2024\/04\/02\/grainotheque-2024\/#primaryimage\"},\"image\":{\"@id\":\"https:\/\/www.lecarrouege.org\/index.php\/2024\/04\/02\/grainotheque-2024\/#primaryimage\"},\"thumbnailUrl\":\"https:\/\/www.lecarrouege.org\/wp-content\/uploads\/2024\/03\/graines-au-23-3-24-1024x857.jpg\",\"datePublished\":\"2024-04-02T20:30:16+00:00\",\"dateModified\":\"2024-04-05T15:37:13+00:00\",\"author\":{\"@id\":\"https:\/\/www.lecarrouege.org\/#\/schema\/person\/213485c8b64f53d954f70cae139b7da8\"},\"breadcrumb\":{\"@id\":\"https:\/\/www.lecarrouege.org\/index.php\/2024\/04\/02\/grainotheque-2024\/#breadcrumb\"},\"inLanguage\":\"fr-FR\",\"potentialAction\":[{\"@type\":\"ReadAction\",\"target\":[\"https:\/\/www.lecarrouege.org\/index.php\/2024\/04\/02\/grainotheque-2024\/\"]}]},{\"@type\":\"ImageObject\",\"inLanguage\":\"fr-FR\",\"@id\":\"https:\/\/www.lecarrouege.org\/index.php\/2024\/04\/02\/grainotheque-2024\/#primaryimage\",\"url\":\"https:\/\/www.lecarrouege.org\/wp-content\/uploads\/2024\/03\/graines-au-23-3-24.jpg\",\"contentUrl\":\"https:\/\/www.lecarrouege.org\/wp-content\/uploads\/2024\/03\/graines-au-23-3-24.jpg\",\"width\":1327,\"height\":1111},{\"@type\":\"BreadcrumbList\",\"@id\":\"https:\/\/www.lecarrouege.org\/index.php\/2024\/04\/02\/grainotheque-2024\/#breadcrumb\",\"itemListElement\":[{\"@type\":\"ListItem\",\"position\":1,\"name\":\"Accueil\",\"item\":\"https:\/\/www.lecarrouege.org\/\"},{\"@type\":\"ListItem\",\"position\":2,\"name\":\"Grainoth\u00e8que 2024\"}]},{\"@type\":\"WebSite\",\"@id\":\"https:\/\/www.lecarrouege.org\/#website\",\"url\":\"https:\/\/www.lecarrouege.org\/\",\"name\":\"Le Carrou\u00e8ge\",\"description\":\"L&#039;\u00e9colieu d&#039;Adret Morvan\",\"potentialAction\":[{\"@type\":\"SearchAction\",\"target\":{\"@type\":\"EntryPoint\",\"urlTemplate\":\"https:\/\/www.lecarrouege.org\/?s={search_term_string}\"},\"query-input\":{\"@type\":\"PropertyValueSpecification\",\"valueRequired\":true,\"valueName\":\"search_term_string\"}}],\"inLanguage\":\"fr-FR\"},{\"@type\":\"Person\",\"@id\":\"https:\/\/www.lecarrouege.org\/#\/schema\/person\/213485c8b64f53d954f70cae139b7da8\",\"name\":\"Marie-Agn\u00e8s Brun\",\"image\":{\"@type\":\"ImageObject\",\"inLanguage\":\"fr-FR\",\"@id\":\"https:\/\/www.lecarrouege.org\/#\/schema\/person\/image\/\",\"url\":\"https:\/\/secure.gravatar.com\/avatar\/26e42c3ff7bc50503714704330eb8a34?s=96&d=mm&r=g\",\"contentUrl\":\"https:\/\/secure.gravatar.com\/avatar\/26e42c3ff7bc50503714704330eb8a34?s=96&d=mm&r=g\",\"caption\":\"Marie-Agn\u00e8s Brun\"},\"url\":\"https:\/\/www.lecarrouege.org\/author\/mad\/\"}]}<\/script>\n<!-- \/ Yoast SEO plugin. -->","yoast_head_json":{"title":"Grainoth\u00e8que 2024 - Le Carrou\u00e8ge","robots":{"index":"index","follow":"follow","max-snippet":"max-snippet:-1","max-image-preview":"max-image-preview:large","max-video-preview":"max-video-preview:-1"},"canonical":"https:\/\/www.lecarrouege.org\/index.php\/2024\/04\/02\/grainotheque-2024\/","og_locale":"fr_FR","og_type":"article","og_title":"Grainoth\u00e8que 2024 - Le Carrou\u00e8ge","og_description":"La grainoth\u00e8que est actualis\u00e9e pour ce printemps. Elle est \u00e0 votre disposition \u00e0 la boutique et c&rsquo;est GRATUIT ! Il y en a pour...","og_url":"https:\/\/www.lecarrouege.org\/index.php\/2024\/04\/02\/grainotheque-2024\/","og_site_name":"Le Carrou\u00e8ge","article_publisher":"https:\/\/www.facebook.com\/AdretMorvan\/","article_published_time":"2024-04-02T20:30:16+00:00","article_modified_time":"2024-04-05T15:37:13+00:00","og_image":[{"url":"https:\/\/www.lecarrouege.org\/wp-content\/uploads\/2024\/03\/graines-au-23-3-24-1024x857.jpg"}],"author":"Marie-Agn\u00e8s Brun","twitter_card":"summary_large_image","twitter_misc":{"\u00c9crit par":"Marie-Agn\u00e8s Brun","Dur\u00e9e de lecture estim\u00e9e":"2 minutes"},"schema":{"@context":"https:\/\/schema.org","@graph":[{"@type":"WebPage","@id":"https:\/\/www.lecarrouege.org\/index.php\/2024\/04\/02\/grainotheque-2024\/","url":"https:\/\/www.lecarrouege.org\/index.php\/2024\/04\/02\/grainotheque-2024\/","name":"Grainoth\u00e8que 2024 - Le Carrou\u00e8ge","isPartOf":{"@id":"https:\/\/www.lecarrouege.org\/#website"},"primaryImageOfPage":{"@id":"https:\/\/www.lecarrouege.org\/index.php\/2024\/04\/02\/grainotheque-2024\/#primaryimage"},"image":{"@id":"https:\/\/www.lecarrouege.org\/index.php\/2024\/04\/02\/grainotheque-2024\/#primaryimage"},"thumbnailUrl":"https:\/\/www.lecarrouege.org\/wp-content\/uploads\/2024\/03\/graines-au-23-3-24-1024x857.jpg","datePublished":"2024-04-02T20:30:16+00:00","dateModified":"2024-04-05T15:37:13+00:00","author":{"@id":"https:\/\/www.lecarrouege.org\/#\/schema\/person\/213485c8b64f53d954f70cae139b7da8"},"breadcrumb":{"@id":"https:\/\/www.lecarrouege.org\/index.php\/2024\/04\/02\/grainotheque-2024\/#breadcrumb"},"inLanguage":"fr-FR","potentialAction":[{"@type":"ReadAction","target":["https:\/\/www.lecarrouege.org\/index.php\/2024\/04\/02\/grainotheque-2024\/"]}]},{"@type":"ImageObject","inLanguage":"fr-FR","@id":"https:\/\/www.lecarrouege.org\/index.php\/2024\/04\/02\/grainotheque-2024\/#primaryimage","url":"https:\/\/www.lecarrouege.org\/wp-content\/uploads\/2024\/03\/graines-au-23-3-24.jpg","contentUrl":"https:\/\/www.lecarrouege.org\/wp-content\/uploads\/2024\/03\/graines-au-23-3-24.jpg","width":1327,"height":1111},{"@type":"BreadcrumbList","@id":"https:\/\/www.lecarrouege.org\/index.php\/2024\/04\/02\/grainotheque-2024\/#breadcrumb","itemListElement":[{"@type":"ListItem","position":1,"name":"Accueil","item":"https:\/\/www.lecarrouege.org\/"},{"@type":"ListItem","position":2,"name":"Grainoth\u00e8que 2024"}]},{"@type":"WebSite","@id":"https:\/\/www.lecarrouege.org\/#website","url":"https:\/\/www.lecarrouege.org\/","name":"Le Carrou\u00e8ge","description":"L&#039;\u00e9colieu d&#039;Adret Morvan","potentialAction":[{"@type":"SearchAction","target":{"@type":"EntryPoint","urlTemplate":"https:\/\/www.lecarrouege.org\/?s={search_term_string}"},"query-input":{"@type":"PropertyValueSpecification","valueRequired":true,"valueName":"search_term_string"}}],"inLanguage":"fr-FR"},{"@type":"Person","@id":"https:\/\/www.lecarrouege.org\/#\/schema\/person\/213485c8b64f53d954f70cae139b7da8","name":"Marie-Agn\u00e8s Brun","image":{"@type":"ImageObject","inLanguage":"fr-FR","@id":"https:\/\/www.lecarrouege.org\/#\/schema\/person\/image\/","url":"https:\/\/secure.gravatar.com\/avatar\/26e42c3ff7bc50503714704330eb8a34?s=96&d=mm&r=g","contentUrl":"https:\/\/secure.gravatar.com\/avatar\/26e42c3ff7bc50503714704330eb8a34?s=96&d=mm&r=g","caption":"Marie-Agn\u00e8s Brun"},"url":"https:\/\/www.lecarrouege.org\/author\/mad\/"}]}},"mfb_rest_fields":["yoast_head","yoast_head_json"],"_links":{"self":[{"href":"https:\/\/www.lecarrouege.org\/index.php\/wp-json\/wp\/v2\/posts\/2620"}],"collection":[{"href":"https:\/\/www.lecarrouege.org\/index.php\/wp-json\/wp\/v2\/posts"}],"about":[{"href":"https:\/\/www.lecarrouege.org\/index.php\/wp-json\/wp\/v2\/types\/post"}],"author":[{"embeddable":true,"href":"https:\/\/www.lecarrouege.org\/index.php\/wp-json\/wp\/v2\/users\/5"}],"replies":[{"embeddable":true,"href":"https:\/\/www.lecarrouege.org\/index.php\/wp-json\/wp\/v2\/comments?post=2620"}],"version-history":[{"count":5,"href":"https:\/\/www.lecarrouege.org\/index.php\/wp-json\/wp\/v2\/posts\/2620\/revisions"}],"predecessor-version":[{"id":2683,"href":"https:\/\/www.lecarrouege.org\/index.php\/wp-json\/wp\/v2\/posts\/2620\/revisions\/2683"}],"wp:attachment":[{"href":"https:\/\/www.lecarrouege.org\/index.php\/wp-json\/wp\/v2\/media?parent=2620"}],"wp:term":[{"taxonomy":"category","embeddable":true,"href":"https:\/\/www.lecarrouege.org\/index.php\/wp-json\/wp\/v2\/categories?post=2620"},{"taxonomy":"post_tag","embeddable":true,"href":"https:\/\/www.lecarrouege.org\/index.php\/wp-json\/wp\/v2\/tags?post=2620"}],"curies":[{"name":"wp","href":"https:\/\/api.w.org\/{rel}","templated":true}]}}