{"id":259,"date":"2020-08-18T22:39:00","date_gmt":"2020-08-18T20:39:00","guid":{"rendered":"https:\/\/www.lecarrouege.org\/?p=259"},"modified":"2020-08-19T23:10:21","modified_gmt":"2020-08-19T21:10:21","slug":"truites-et-cochon-de-montgre","status":"publish","type":"post","link":"https:\/\/www.lecarrouege.org\/index.php\/2020\/08\/18\/truites-et-cochon-de-montgre\/","title":{"rendered":"22-29 ao\u00fbt  La Petite Halle : truites  et cochon"},"content":{"rendered":"\n<p><strong>La petite Halle prend les commandes le 22 pour une mise \u00e0 disposition le 29 des produits frais suivant : <\/strong><\/p>\n\n\n\n<h4 class=\"wp-block-heading\">Ferme aquacole de Crisenon dans l&rsquo;Yonne<\/h4>\n\n\n\n<p>Truites portions par 1, 2, 3 ou 4 ou filets de truites, ombles, rillettes de truites ou mousses de truites .<\/p>\n\n\n\n<figure class=\"wp-block-image size-large\"><img loading=\"lazy\" decoding=\"async\" width=\"1024\" height=\"397\" src=\"https:\/\/www.lecarrouege.org\/wp-content\/uploads\/2020\/08\/Truite-1024x397.jpg\" alt=\"\" class=\"wp-image-260\" srcset=\"https:\/\/www.lecarrouege.org\/wp-content\/uploads\/2020\/08\/Truite-1024x397.jpg 1024w, https:\/\/www.lecarrouege.org\/wp-content\/uploads\/2020\/08\/Truite-300x116.jpg 300w, https:\/\/www.lecarrouege.org\/wp-content\/uploads\/2020\/08\/Truite-768x298.jpg 768w, https:\/\/www.lecarrouege.org\/wp-content\/uploads\/2020\/08\/Truite-1320x512.jpg 1320w, https:\/\/www.lecarrouege.org\/wp-content\/uploads\/2020\/08\/Truite.jpg 1500w\" sizes=\"(max-width: 1024px) 100vw, 1024px\" \/><\/figure>\n\n\n\n<h4 class=\"wp-block-heading\">Porc du Cochon de Montgr\u00e9 dans l&rsquo;Yonne <\/h4>\n\n\n\n<p>Jambon blanc, persill\u00e9, saucissons \u00e0 l&rsquo;ail, rillettes, lard fum\u00e9 ou frais&#8230;)<\/p>\n\n\n\n<figure class=\"wp-block-image size-large\"><img loading=\"lazy\" decoding=\"async\" width=\"1024\" height=\"379\" src=\"https:\/\/www.lecarrouege.org\/wp-content\/uploads\/2020\/08\/Cochons-1024x379.jpg\" alt=\"\" class=\"wp-image-261\" srcset=\"https:\/\/www.lecarrouege.org\/wp-content\/uploads\/2020\/08\/Cochons-1024x379.jpg 1024w, https:\/\/www.lecarrouege.org\/wp-content\/uploads\/2020\/08\/Cochons-300x111.jpg 300w, https:\/\/www.lecarrouege.org\/wp-content\/uploads\/2020\/08\/Cochons-768x284.jpg 768w, https:\/\/www.lecarrouege.org\/wp-content\/uploads\/2020\/08\/Cochons-1536x568.jpg 1536w, https:\/\/www.lecarrouege.org\/wp-content\/uploads\/2020\/08\/Cochons-1320x488.jpg 1320w, https:\/\/www.lecarrouege.org\/wp-content\/uploads\/2020\/08\/Cochons.jpg 1600w\" sizes=\"(max-width: 1024px) 100vw, 1024px\" \/><\/figure>\n\n\n\n<h4 class=\"wp-block-heading\">La boutique sera ouverte exceptionnellement <br>de 11 heures \u00e0 18 heures non-stop les 22 et 29 ao\u00fbt !<\/h4>\n","protected":false},"excerpt":{"rendered":"<p>La petite Halle prend les commandes le 22 pour une mise \u00e0 disposition le 29 des produits frais suivant : Ferme aquacole de Crisenon&#8230;<\/p>\n","protected":false},"author":1,"featured_media":261,"comment_status":"closed","ping_status":"closed","sticky":false,"template":"","format":"standard","meta":{"_acf_changed":false,"footnotes":""},"categories":[3,4],"tags":[],"acf":[],"yoast_head":"<!-- This site is optimized with the Yoast SEO plugin v23.5 - https:\/\/yoast.com\/wordpress\/plugins\/seo\/ -->\n<title>22-29 ao\u00fbt La Petite Halle : truites et cochon - Le Carrou\u00e8ge<\/title>\n<meta name=\"robots\" content=\"index, follow, max-snippet:-1, max-image-preview:large, max-video-preview:-1\" \/>\n<link rel=\"canonical\" href=\"https:\/\/www.lecarrouege.org\/index.php\/2020\/08\/18\/truites-et-cochon-de-montgre\/\" \/>\n<meta property=\"og:locale\" content=\"fr_FR\" \/>\n<meta property=\"og:type\" content=\"article\" \/>\n<meta property=\"og:title\" content=\"22-29 ao\u00fbt La Petite Halle : truites et cochon - Le Carrou\u00e8ge\" \/>\n<meta property=\"og:description\" content=\"La petite Halle prend les commandes le 22 pour une mise \u00e0 disposition le 29 des produits frais suivant : Ferme aquacole de Crisenon...\" \/>\n<meta property=\"og:url\" content=\"https:\/\/www.lecarrouege.org\/index.php\/2020\/08\/18\/truites-et-cochon-de-montgre\/\" \/>\n<meta property=\"og:site_name\" content=\"Le Carrou\u00e8ge\" \/>\n<meta property=\"article:publisher\" content=\"https:\/\/www.facebook.com\/AdretMorvan\/\" \/>\n<meta property=\"article:published_time\" content=\"2020-08-18T20:39:00+00:00\" \/>\n<meta property=\"article:modified_time\" content=\"2020-08-19T21:10:21+00:00\" \/>\n<meta property=\"og:image\" content=\"https:\/\/www.lecarrouege.org\/wp-content\/uploads\/2020\/08\/Cochons.jpg\" \/>\n\t<meta property=\"og:image:width\" content=\"1600\" \/>\n\t<meta property=\"og:image:height\" content=\"592\" \/>\n\t<meta property=\"og:image:type\" content=\"image\/jpeg\" \/>\n<meta name=\"author\" content=\"admin7338\" \/>\n<meta name=\"twitter:card\" content=\"summary_large_image\" \/>\n<meta name=\"twitter:label1\" content=\"\u00c9crit par\" \/>\n\t<meta name=\"twitter:data1\" content=\"admin7338\" \/>\n<script type=\"application\/ld+json\" class=\"yoast-schema-graph\">{\"@context\":\"https:\/\/schema.org\",\"@graph\":[{\"@type\":\"WebPage\",\"@id\":\"https:\/\/www.lecarrouege.org\/index.php\/2020\/08\/18\/truites-et-cochon-de-montgre\/\",\"url\":\"https:\/\/www.lecarrouege.org\/index.php\/2020\/08\/18\/truites-et-cochon-de-montgre\/\",\"name\":\"22-29 ao\u00fbt La Petite Halle : truites et cochon - Le Carrou\u00e8ge\",\"isPartOf\":{\"@id\":\"https:\/\/www.lecarrouege.org\/#website\"},\"primaryImageOfPage\":{\"@id\":\"https:\/\/www.lecarrouege.org\/index.php\/2020\/08\/18\/truites-et-cochon-de-montgre\/#primaryimage\"},\"image\":{\"@id\":\"https:\/\/www.lecarrouege.org\/index.php\/2020\/08\/18\/truites-et-cochon-de-montgre\/#primaryimage\"},\"thumbnailUrl\":\"https:\/\/www.lecarrouege.org\/wp-content\/uploads\/2020\/08\/Cochons.jpg\",\"datePublished\":\"2020-08-18T20:39:00+00:00\",\"dateModified\":\"2020-08-19T21:10:21+00:00\",\"author\":{\"@id\":\"https:\/\/www.lecarrouege.org\/#\/schema\/person\/503448d04350f20806d8b41c4ecb6526\"},\"breadcrumb\":{\"@id\":\"https:\/\/www.lecarrouege.org\/index.php\/2020\/08\/18\/truites-et-cochon-de-montgre\/#breadcrumb\"},\"inLanguage\":\"fr-FR\",\"potentialAction\":[{\"@type\":\"ReadAction\",\"target\":[\"https:\/\/www.lecarrouege.org\/index.php\/2020\/08\/18\/truites-et-cochon-de-montgre\/\"]}]},{\"@type\":\"ImageObject\",\"inLanguage\":\"fr-FR\",\"@id\":\"https:\/\/www.lecarrouege.org\/index.php\/2020\/08\/18\/truites-et-cochon-de-montgre\/#primaryimage\",\"url\":\"https:\/\/www.lecarrouege.org\/wp-content\/uploads\/2020\/08\/Cochons.jpg\",\"contentUrl\":\"https:\/\/www.lecarrouege.org\/wp-content\/uploads\/2020\/08\/Cochons.jpg\",\"width\":1600,\"height\":592},{\"@type\":\"BreadcrumbList\",\"@id\":\"https:\/\/www.lecarrouege.org\/index.php\/2020\/08\/18\/truites-et-cochon-de-montgre\/#breadcrumb\",\"itemListElement\":[{\"@type\":\"ListItem\",\"position\":1,\"name\":\"Accueil\",\"item\":\"https:\/\/www.lecarrouege.org\/\"},{\"@type\":\"ListItem\",\"position\":2,\"name\":\"22-29 ao\u00fbt La Petite Halle : truites et cochon\"}]},{\"@type\":\"WebSite\",\"@id\":\"https:\/\/www.lecarrouege.org\/#website\",\"url\":\"https:\/\/www.lecarrouege.org\/\",\"name\":\"Le Carrou\u00e8ge\",\"description\":\"L&#039;\u00e9colieu d&#039;Adret Morvan\",\"potentialAction\":[{\"@type\":\"SearchAction\",\"target\":{\"@type\":\"EntryPoint\",\"urlTemplate\":\"https:\/\/www.lecarrouege.org\/?s={search_term_string}\"},\"query-input\":{\"@type\":\"PropertyValueSpecification\",\"valueRequired\":true,\"valueName\":\"search_term_string\"}}],\"inLanguage\":\"fr-FR\"},{\"@type\":\"Person\",\"@id\":\"https:\/\/www.lecarrouege.org\/#\/schema\/person\/503448d04350f20806d8b41c4ecb6526\",\"name\":\"admin7338\",\"image\":{\"@type\":\"ImageObject\",\"inLanguage\":\"fr-FR\",\"@id\":\"https:\/\/www.lecarrouege.org\/#\/schema\/person\/image\/\",\"url\":\"https:\/\/secure.gravatar.com\/avatar\/e3bd3890468706794dc9d8f04897c57e?s=96&d=mm&r=g\",\"contentUrl\":\"https:\/\/secure.gravatar.com\/avatar\/e3bd3890468706794dc9d8f04897c57e?s=96&d=mm&r=g\",\"caption\":\"admin7338\"},\"url\":\"https:\/\/www.lecarrouege.org\/author\/admin7338\/\"}]}<\/script>\n<!-- \/ Yoast SEO plugin. -->","yoast_head_json":{"title":"22-29 ao\u00fbt La Petite Halle : truites et cochon - Le Carrou\u00e8ge","robots":{"index":"index","follow":"follow","max-snippet":"max-snippet:-1","max-image-preview":"max-image-preview:large","max-video-preview":"max-video-preview:-1"},"canonical":"https:\/\/www.lecarrouege.org\/index.php\/2020\/08\/18\/truites-et-cochon-de-montgre\/","og_locale":"fr_FR","og_type":"article","og_title":"22-29 ao\u00fbt La Petite Halle : truites et cochon - Le Carrou\u00e8ge","og_description":"La petite Halle prend les commandes le 22 pour une mise \u00e0 disposition le 29 des produits frais suivant : Ferme aquacole de Crisenon...","og_url":"https:\/\/www.lecarrouege.org\/index.php\/2020\/08\/18\/truites-et-cochon-de-montgre\/","og_site_name":"Le Carrou\u00e8ge","article_publisher":"https:\/\/www.facebook.com\/AdretMorvan\/","article_published_time":"2020-08-18T20:39:00+00:00","article_modified_time":"2020-08-19T21:10:21+00:00","og_image":[{"width":1600,"height":592,"url":"https:\/\/www.lecarrouege.org\/wp-content\/uploads\/2020\/08\/Cochons.jpg","type":"image\/jpeg"}],"author":"admin7338","twitter_card":"summary_large_image","twitter_misc":{"\u00c9crit par":"admin7338"},"schema":{"@context":"https:\/\/schema.org","@graph":[{"@type":"WebPage","@id":"https:\/\/www.lecarrouege.org\/index.php\/2020\/08\/18\/truites-et-cochon-de-montgre\/","url":"https:\/\/www.lecarrouege.org\/index.php\/2020\/08\/18\/truites-et-cochon-de-montgre\/","name":"22-29 ao\u00fbt La Petite Halle : truites et cochon - Le Carrou\u00e8ge","isPartOf":{"@id":"https:\/\/www.lecarrouege.org\/#website"},"primaryImageOfPage":{"@id":"https:\/\/www.lecarrouege.org\/index.php\/2020\/08\/18\/truites-et-cochon-de-montgre\/#primaryimage"},"image":{"@id":"https:\/\/www.lecarrouege.org\/index.php\/2020\/08\/18\/truites-et-cochon-de-montgre\/#primaryimage"},"thumbnailUrl":"https:\/\/www.lecarrouege.org\/wp-content\/uploads\/2020\/08\/Cochons.jpg","datePublished":"2020-08-18T20:39:00+00:00","dateModified":"2020-08-19T21:10:21+00:00","author":{"@id":"https:\/\/www.lecarrouege.org\/#\/schema\/person\/503448d04350f20806d8b41c4ecb6526"},"breadcrumb":{"@id":"https:\/\/www.lecarrouege.org\/index.php\/2020\/08\/18\/truites-et-cochon-de-montgre\/#breadcrumb"},"inLanguage":"fr-FR","potentialAction":[{"@type":"ReadAction","target":["https:\/\/www.lecarrouege.org\/index.php\/2020\/08\/18\/truites-et-cochon-de-montgre\/"]}]},{"@type":"ImageObject","inLanguage":"fr-FR","@id":"https:\/\/www.lecarrouege.org\/index.php\/2020\/08\/18\/truites-et-cochon-de-montgre\/#primaryimage","url":"https:\/\/www.lecarrouege.org\/wp-content\/uploads\/2020\/08\/Cochons.jpg","contentUrl":"https:\/\/www.lecarrouege.org\/wp-content\/uploads\/2020\/08\/Cochons.jpg","width":1600,"height":592},{"@type":"BreadcrumbList","@id":"https:\/\/www.lecarrouege.org\/index.php\/2020\/08\/18\/truites-et-cochon-de-montgre\/#breadcrumb","itemListElement":[{"@type":"ListItem","position":1,"name":"Accueil","item":"https:\/\/www.lecarrouege.org\/"},{"@type":"ListItem","position":2,"name":"22-29 ao\u00fbt La Petite Halle : truites et cochon"}]},{"@type":"WebSite","@id":"https:\/\/www.lecarrouege.org\/#website","url":"https:\/\/www.lecarrouege.org\/","name":"Le Carrou\u00e8ge","description":"L&#039;\u00e9colieu d&#039;Adret Morvan","potentialAction":[{"@type":"SearchAction","target":{"@type":"EntryPoint","urlTemplate":"https:\/\/www.lecarrouege.org\/?s={search_term_string}"},"query-input":{"@type":"PropertyValueSpecification","valueRequired":true,"valueName":"search_term_string"}}],"inLanguage":"fr-FR"},{"@type":"Person","@id":"https:\/\/www.lecarrouege.org\/#\/schema\/person\/503448d04350f20806d8b41c4ecb6526","name":"admin7338","image":{"@type":"ImageObject","inLanguage":"fr-FR","@id":"https:\/\/www.lecarrouege.org\/#\/schema\/person\/image\/","url":"https:\/\/secure.gravatar.com\/avatar\/e3bd3890468706794dc9d8f04897c57e?s=96&d=mm&r=g","contentUrl":"https:\/\/secure.gravatar.com\/avatar\/e3bd3890468706794dc9d8f04897c57e?s=96&d=mm&r=g","caption":"admin7338"},"url":"https:\/\/www.lecarrouege.org\/author\/admin7338\/"}]}},"mfb_rest_fields":["yoast_head","yoast_head_json"],"_links":{"self":[{"href":"https:\/\/www.lecarrouege.org\/index.php\/wp-json\/wp\/v2\/posts\/259"}],"collection":[{"href":"https:\/\/www.lecarrouege.org\/index.php\/wp-json\/wp\/v2\/posts"}],"about":[{"href":"https:\/\/www.lecarrouege.org\/index.php\/wp-json\/wp\/v2\/types\/post"}],"author":[{"embeddable":true,"href":"https:\/\/www.lecarrouege.org\/index.php\/wp-json\/wp\/v2\/users\/1"}],"replies":[{"embeddable":true,"href":"https:\/\/www.lecarrouege.org\/index.php\/wp-json\/wp\/v2\/comments?post=259"}],"version-history":[{"count":5,"href":"https:\/\/www.lecarrouege.org\/index.php\/wp-json\/wp\/v2\/posts\/259\/revisions"}],"predecessor-version":[{"id":266,"href":"https:\/\/www.lecarrouege.org\/index.php\/wp-json\/wp\/v2\/posts\/259\/revisions\/266"}],"wp:featuredmedia":[{"embeddable":true,"href":"https:\/\/www.lecarrouege.org\/index.php\/wp-json\/wp\/v2\/media\/261"}],"wp:attachment":[{"href":"https:\/\/www.lecarrouege.org\/index.php\/wp-json\/wp\/v2\/media?parent=259"}],"wp:term":[{"taxonomy":"category","embeddable":true,"href":"https:\/\/www.lecarrouege.org\/index.php\/wp-json\/wp\/v2\/categories?post=259"},{"taxonomy":"post_tag","embeddable":true,"href":"https:\/\/www.lecarrouege.org\/index.php\/wp-json\/wp\/v2\/tags?post=259"}],"curies":[{"name":"wp","href":"https:\/\/api.w.org\/{rel}","templated":true}]}}