{"id":1272,"date":"2021-02-03T21:41:55","date_gmt":"2021-02-03T20:41:55","guid":{"rendered":"https:\/\/www.lecarrouege.org\/?p=1272"},"modified":"2023-02-16T16:29:25","modified_gmt":"2023-02-16T15:29:25","slug":"portrait-de-delphine-paysanne-boulangere","status":"publish","type":"post","link":"https:\/\/www.lecarrouege.org\/index.php\/2021\/02\/03\/portrait-de-delphine-paysanne-boulangere\/","title":{"rendered":"Portrait de Delphine, paysanne boulang\u00e8re"},"content":{"rendered":"\n<p>Celle qui nous r\u00e9gale tous les samedis au Carrou\u00e8ge avec son fameux pain sans gluten (mais aussi son pain au bl\u00e9 ou son pain aux graines) a suivi ce qu&rsquo;on appelle un parcours atypique. Apr\u00e8s un BTS d&rsquo;action commerciale et une licence en gestion des achats, elle part en Angleterre parfaire sa formation. Mais confront\u00e9e \u00e0 la r\u00e9alit\u00e9 du monde du travail, elle s&rsquo;aper\u00e7oit qu&rsquo;elle a fait fausse route. Faire jouer la concurrence pour tirer sur les prix, aller acheter des denr\u00e9es en Chine et bousiller la plan\u00e8te, non, ce m\u00e9tier n&rsquo;est pas fait pour elle.<\/p>\n\n\n\n<p>Sa prise de conscience, m\u00e2tin\u00e9e d&rsquo;une bonne d\u00e9prime, la ram\u00e8ne chez ses parents dans le Bazois. Ce qu&rsquo;elle veut \u00e0 pr\u00e9sent, c&rsquo;est se r\u00e9approprier sa vie, devenir autonome, faire quelque chose de concret et travailler avec ses mains. Virage \u00e0 90\u00b0, Delphine s&rsquo;inscrit au BPREA d&rsquo;Agrobiologie (autrement dit mara\u00eechage bio) \u00e0 Ch\u00e2teau-Chinon. C&rsquo;est lors d&rsquo;un stage chez un paysan qui fait son propre pain qu&rsquo;elle d\u00e9couvre sa vocation. La jeune fille se rend compte qu&rsquo;elle se sent bien, \u00e0 sa place, quand elle fait du pain. Apr\u00e8s tout, cela ne l&rsquo;\u00e9tonne pas vraiment. Son grand-p\u00e8re n&rsquo;\u00e9tait-il pas meunier?<\/p>\n\n\n\n<p>Sa famille la soutient en lui donnant 3 hectares de terre o\u00f9 elle fait pousser des vari\u00e9t\u00e9s de bl\u00e9 anciennes, histoire de produire sa propre farine. La premi\u00e8re r\u00e9colte a lieu en 2011. L&rsquo;\u00e9tape suivante, c&rsquo;est l&rsquo;acquisition d&rsquo;un four. Et pour pouvoir acheter son moulin, elle travaille \u00e0 la Poste. En 2013, la naissance de sa fille va mettre son activit\u00e9 professionnelle entre parenth\u00e8ses pendant quelque temps.<\/p>\n\n\n\n<p>C&rsquo;est finalement en 2018 que notre paysanne boulang\u00e8re ouvre son fournil, install\u00e9 dans une ancienne forge, \u00e0 Brinay dans le Bazois. Elle y vend son pain le samedi matin. Elle n&rsquo;a pas de boutique. Les habitu\u00e9s viennent, prennent leur pain et d\u00e9posent l&rsquo;argent dans un panier.<\/p>\n\n\n\n<p>Aujourd&rsquo;hui, \u00e0 35 ans, cette jeune m\u00e8re de deux enfants est fi\u00e8re de faire son pain de \u00ab\u00a0A jusqu&rsquo;\u00e0 Z\u00a0\u00bb, c&rsquo;est-\u00e0-dire depuis la culture du bl\u00e9, le triage et stockage des grains, la mouture de la farine jusqu&rsquo;\u00e0 la confection et la cuisson du pain. Elle appr\u00e9cie tout particuli\u00e8rement d&rsquo;utiliser de la farine fra\u00eeche, moulue dans la semaine, \u00ab\u00a0une farine encore vivante\u00a0\u00bb pr\u00e9cise-t-elle, mais g\u00e9n\u00e9ralement boud\u00e9e par les boulangers car jug\u00e9e trop instable. C&rsquo;est sans doute ce qui fait la diff\u00e9rence.<\/p>\n\n\n\n<figure class=\"wp-block-gallery columns-2 is-cropped wp-block-gallery-1 is-layout-flex wp-block-gallery-is-layout-flex\"><ul class=\"blocks-gallery-grid\"><li class=\"blocks-gallery-item\"><figure><img loading=\"lazy\" decoding=\"async\" width=\"960\" height=\"960\" src=\"https:\/\/www.lecarrouege.org\/wp-content\/uploads\/2021\/02\/pains.jpg\" alt=\"\" data-id=\"1275\" data-full-url=\"https:\/\/www.lecarrouege.org\/wp-content\/uploads\/2021\/02\/pains.jpg\" data-link=\"https:\/\/www.lecarrouege.org\/?attachment_id=1275\" class=\"wp-image-1275\" srcset=\"https:\/\/www.lecarrouege.org\/wp-content\/uploads\/2021\/02\/pains.jpg 960w, https:\/\/www.lecarrouege.org\/wp-content\/uploads\/2021\/02\/pains-300x300.jpg 300w, https:\/\/www.lecarrouege.org\/wp-content\/uploads\/2021\/02\/pains-150x150.jpg 150w, https:\/\/www.lecarrouege.org\/wp-content\/uploads\/2021\/02\/pains-768x768.jpg 768w, https:\/\/www.lecarrouege.org\/wp-content\/uploads\/2021\/02\/pains-600x600.jpg 600w, https:\/\/www.lecarrouege.org\/wp-content\/uploads\/2021\/02\/pains-100x100.jpg 100w\" sizes=\"(max-width: 960px) 100vw, 960px\" \/><\/figure><\/li><li class=\"blocks-gallery-item\"><figure><img loading=\"lazy\" decoding=\"async\" width=\"960\" height=\"960\" src=\"https:\/\/www.lecarrouege.org\/wp-content\/uploads\/2021\/02\/painsansgluten.jpg\" alt=\"\" data-id=\"1276\" data-full-url=\"https:\/\/www.lecarrouege.org\/wp-content\/uploads\/2021\/02\/painsansgluten.jpg\" data-link=\"https:\/\/www.lecarrouege.org\/?attachment_id=1276\" class=\"wp-image-1276\" srcset=\"https:\/\/www.lecarrouege.org\/wp-content\/uploads\/2021\/02\/painsansgluten.jpg 960w, https:\/\/www.lecarrouege.org\/wp-content\/uploads\/2021\/02\/painsansgluten-300x300.jpg 300w, https:\/\/www.lecarrouege.org\/wp-content\/uploads\/2021\/02\/painsansgluten-150x150.jpg 150w, https:\/\/www.lecarrouege.org\/wp-content\/uploads\/2021\/02\/painsansgluten-768x768.jpg 768w, https:\/\/www.lecarrouege.org\/wp-content\/uploads\/2021\/02\/painsansgluten-600x600.jpg 600w, https:\/\/www.lecarrouege.org\/wp-content\/uploads\/2021\/02\/painsansgluten-100x100.jpg 100w\" sizes=\"(max-width: 960px) 100vw, 960px\" \/><\/figure><\/li><\/ul><\/figure>\n\n\n\n<p>Delphine propose trois types de pain : <br>&#8211; un pain au bl\u00e9 (T80), m\u00ealant des vari\u00e9t\u00e9s anciennes et modernes.<br>&#8211; un pain sans gluten, au petit \u00e9peautre.<br>&#8211; un pain aux graines, avec un tiers de farine de seigle, deux tiers de farine de bl\u00e9, des graines de s\u00e9same torr\u00e9fi\u00e9es et des graines de lin mix\u00e9es.<\/p>\n\n\n\n<p><strong>Pour rappel, on trouve son pain au Carrou\u00e8ge le samedi \u00e0 partir de 16h30, \u00e0 condition de l&rsquo;avoir r\u00e9serv\u00e9 avant le jeudi pr\u00e9c\u00e9dent par SMS au 06 18 44 71 69. <\/strong><\/p>\n","protected":false},"excerpt":{"rendered":"<p>Celle qui nous r\u00e9gale tous les samedis au Carrou\u00e8ge avec son fameux pain sans gluten (mais aussi son pain au bl\u00e9 ou son pain&#8230;<\/p>\n","protected":false},"author":1,"featured_media":1274,"comment_status":"closed","ping_status":"closed","sticky":false,"template":"","format":"standard","meta":{"_acf_changed":false,"footnotes":""},"categories":[3,4],"tags":[],"acf":[],"yoast_head":"<!-- This site is optimized with the Yoast SEO plugin v23.5 - https:\/\/yoast.com\/wordpress\/plugins\/seo\/ -->\n<title>Portrait de Delphine, paysanne boulang\u00e8re - Le Carrou\u00e8ge<\/title>\n<meta name=\"robots\" content=\"index, follow, max-snippet:-1, max-image-preview:large, max-video-preview:-1\" \/>\n<link rel=\"canonical\" href=\"https:\/\/www.lecarrouege.org\/index.php\/2021\/02\/03\/portrait-de-delphine-paysanne-boulangere\/\" \/>\n<meta property=\"og:locale\" content=\"fr_FR\" \/>\n<meta property=\"og:type\" content=\"article\" \/>\n<meta property=\"og:title\" content=\"Portrait de Delphine, paysanne boulang\u00e8re - Le Carrou\u00e8ge\" \/>\n<meta property=\"og:description\" content=\"Celle qui nous r\u00e9gale tous les samedis au Carrou\u00e8ge avec son fameux pain sans gluten (mais aussi son pain au bl\u00e9 ou son pain...\" \/>\n<meta property=\"og:url\" content=\"https:\/\/www.lecarrouege.org\/index.php\/2021\/02\/03\/portrait-de-delphine-paysanne-boulangere\/\" \/>\n<meta property=\"og:site_name\" content=\"Le Carrou\u00e8ge\" \/>\n<meta property=\"article:publisher\" content=\"https:\/\/www.facebook.com\/AdretMorvan\/\" \/>\n<meta property=\"article:published_time\" content=\"2021-02-03T20:41:55+00:00\" \/>\n<meta property=\"article:modified_time\" content=\"2023-02-16T15:29:25+00:00\" \/>\n<meta property=\"og:image\" content=\"https:\/\/www.lecarrouege.org\/wp-content\/uploads\/2021\/02\/Delphine_boulangerepaysanne.jpg\" \/>\n\t<meta property=\"og:image:width\" content=\"960\" \/>\n\t<meta property=\"og:image:height\" content=\"960\" \/>\n\t<meta property=\"og:image:type\" content=\"image\/jpeg\" \/>\n<meta name=\"author\" content=\"admin7338\" \/>\n<meta name=\"twitter:card\" content=\"summary_large_image\" \/>\n<meta name=\"twitter:label1\" content=\"\u00c9crit par\" \/>\n\t<meta name=\"twitter:data1\" content=\"admin7338\" \/>\n\t<meta name=\"twitter:label2\" content=\"Dur\u00e9e de lecture estim\u00e9e\" \/>\n\t<meta name=\"twitter:data2\" content=\"3 minutes\" \/>\n<script type=\"application\/ld+json\" class=\"yoast-schema-graph\">{\"@context\":\"https:\/\/schema.org\",\"@graph\":[{\"@type\":\"WebPage\",\"@id\":\"https:\/\/www.lecarrouege.org\/index.php\/2021\/02\/03\/portrait-de-delphine-paysanne-boulangere\/\",\"url\":\"https:\/\/www.lecarrouege.org\/index.php\/2021\/02\/03\/portrait-de-delphine-paysanne-boulangere\/\",\"name\":\"Portrait de Delphine, paysanne boulang\u00e8re - Le Carrou\u00e8ge\",\"isPartOf\":{\"@id\":\"https:\/\/www.lecarrouege.org\/#website\"},\"primaryImageOfPage\":{\"@id\":\"https:\/\/www.lecarrouege.org\/index.php\/2021\/02\/03\/portrait-de-delphine-paysanne-boulangere\/#primaryimage\"},\"image\":{\"@id\":\"https:\/\/www.lecarrouege.org\/index.php\/2021\/02\/03\/portrait-de-delphine-paysanne-boulangere\/#primaryimage\"},\"thumbnailUrl\":\"https:\/\/www.lecarrouege.org\/wp-content\/uploads\/2021\/02\/Delphine_boulangerepaysanne.jpg\",\"datePublished\":\"2021-02-03T20:41:55+00:00\",\"dateModified\":\"2023-02-16T15:29:25+00:00\",\"author\":{\"@id\":\"https:\/\/www.lecarrouege.org\/#\/schema\/person\/503448d04350f20806d8b41c4ecb6526\"},\"breadcrumb\":{\"@id\":\"https:\/\/www.lecarrouege.org\/index.php\/2021\/02\/03\/portrait-de-delphine-paysanne-boulangere\/#breadcrumb\"},\"inLanguage\":\"fr-FR\",\"potentialAction\":[{\"@type\":\"ReadAction\",\"target\":[\"https:\/\/www.lecarrouege.org\/index.php\/2021\/02\/03\/portrait-de-delphine-paysanne-boulangere\/\"]}]},{\"@type\":\"ImageObject\",\"inLanguage\":\"fr-FR\",\"@id\":\"https:\/\/www.lecarrouege.org\/index.php\/2021\/02\/03\/portrait-de-delphine-paysanne-boulangere\/#primaryimage\",\"url\":\"https:\/\/www.lecarrouege.org\/wp-content\/uploads\/2021\/02\/Delphine_boulangerepaysanne.jpg\",\"contentUrl\":\"https:\/\/www.lecarrouege.org\/wp-content\/uploads\/2021\/02\/Delphine_boulangerepaysanne.jpg\",\"width\":960,\"height\":960},{\"@type\":\"BreadcrumbList\",\"@id\":\"https:\/\/www.lecarrouege.org\/index.php\/2021\/02\/03\/portrait-de-delphine-paysanne-boulangere\/#breadcrumb\",\"itemListElement\":[{\"@type\":\"ListItem\",\"position\":1,\"name\":\"Accueil\",\"item\":\"https:\/\/www.lecarrouege.org\/\"},{\"@type\":\"ListItem\",\"position\":2,\"name\":\"Portrait de Delphine, paysanne boulang\u00e8re\"}]},{\"@type\":\"WebSite\",\"@id\":\"https:\/\/www.lecarrouege.org\/#website\",\"url\":\"https:\/\/www.lecarrouege.org\/\",\"name\":\"Le Carrou\u00e8ge\",\"description\":\"L&#039;\u00e9colieu d&#039;Adret Morvan\",\"potentialAction\":[{\"@type\":\"SearchAction\",\"target\":{\"@type\":\"EntryPoint\",\"urlTemplate\":\"https:\/\/www.lecarrouege.org\/?s={search_term_string}\"},\"query-input\":{\"@type\":\"PropertyValueSpecification\",\"valueRequired\":true,\"valueName\":\"search_term_string\"}}],\"inLanguage\":\"fr-FR\"},{\"@type\":\"Person\",\"@id\":\"https:\/\/www.lecarrouege.org\/#\/schema\/person\/503448d04350f20806d8b41c4ecb6526\",\"name\":\"admin7338\",\"image\":{\"@type\":\"ImageObject\",\"inLanguage\":\"fr-FR\",\"@id\":\"https:\/\/www.lecarrouege.org\/#\/schema\/person\/image\/\",\"url\":\"https:\/\/secure.gravatar.com\/avatar\/e3bd3890468706794dc9d8f04897c57e?s=96&d=mm&r=g\",\"contentUrl\":\"https:\/\/secure.gravatar.com\/avatar\/e3bd3890468706794dc9d8f04897c57e?s=96&d=mm&r=g\",\"caption\":\"admin7338\"},\"url\":\"https:\/\/www.lecarrouege.org\/author\/admin7338\/\"}]}<\/script>\n<!-- \/ Yoast SEO plugin. -->","yoast_head_json":{"title":"Portrait de Delphine, paysanne boulang\u00e8re - Le Carrou\u00e8ge","robots":{"index":"index","follow":"follow","max-snippet":"max-snippet:-1","max-image-preview":"max-image-preview:large","max-video-preview":"max-video-preview:-1"},"canonical":"https:\/\/www.lecarrouege.org\/index.php\/2021\/02\/03\/portrait-de-delphine-paysanne-boulangere\/","og_locale":"fr_FR","og_type":"article","og_title":"Portrait de Delphine, paysanne boulang\u00e8re - Le Carrou\u00e8ge","og_description":"Celle qui nous r\u00e9gale tous les samedis au Carrou\u00e8ge avec son fameux pain sans gluten (mais aussi son pain au bl\u00e9 ou son pain...","og_url":"https:\/\/www.lecarrouege.org\/index.php\/2021\/02\/03\/portrait-de-delphine-paysanne-boulangere\/","og_site_name":"Le Carrou\u00e8ge","article_publisher":"https:\/\/www.facebook.com\/AdretMorvan\/","article_published_time":"2021-02-03T20:41:55+00:00","article_modified_time":"2023-02-16T15:29:25+00:00","og_image":[{"width":960,"height":960,"url":"https:\/\/www.lecarrouege.org\/wp-content\/uploads\/2021\/02\/Delphine_boulangerepaysanne.jpg","type":"image\/jpeg"}],"author":"admin7338","twitter_card":"summary_large_image","twitter_misc":{"\u00c9crit par":"admin7338","Dur\u00e9e de lecture estim\u00e9e":"3 minutes"},"schema":{"@context":"https:\/\/schema.org","@graph":[{"@type":"WebPage","@id":"https:\/\/www.lecarrouege.org\/index.php\/2021\/02\/03\/portrait-de-delphine-paysanne-boulangere\/","url":"https:\/\/www.lecarrouege.org\/index.php\/2021\/02\/03\/portrait-de-delphine-paysanne-boulangere\/","name":"Portrait de Delphine, paysanne boulang\u00e8re - Le Carrou\u00e8ge","isPartOf":{"@id":"https:\/\/www.lecarrouege.org\/#website"},"primaryImageOfPage":{"@id":"https:\/\/www.lecarrouege.org\/index.php\/2021\/02\/03\/portrait-de-delphine-paysanne-boulangere\/#primaryimage"},"image":{"@id":"https:\/\/www.lecarrouege.org\/index.php\/2021\/02\/03\/portrait-de-delphine-paysanne-boulangere\/#primaryimage"},"thumbnailUrl":"https:\/\/www.lecarrouege.org\/wp-content\/uploads\/2021\/02\/Delphine_boulangerepaysanne.jpg","datePublished":"2021-02-03T20:41:55+00:00","dateModified":"2023-02-16T15:29:25+00:00","author":{"@id":"https:\/\/www.lecarrouege.org\/#\/schema\/person\/503448d04350f20806d8b41c4ecb6526"},"breadcrumb":{"@id":"https:\/\/www.lecarrouege.org\/index.php\/2021\/02\/03\/portrait-de-delphine-paysanne-boulangere\/#breadcrumb"},"inLanguage":"fr-FR","potentialAction":[{"@type":"ReadAction","target":["https:\/\/www.lecarrouege.org\/index.php\/2021\/02\/03\/portrait-de-delphine-paysanne-boulangere\/"]}]},{"@type":"ImageObject","inLanguage":"fr-FR","@id":"https:\/\/www.lecarrouege.org\/index.php\/2021\/02\/03\/portrait-de-delphine-paysanne-boulangere\/#primaryimage","url":"https:\/\/www.lecarrouege.org\/wp-content\/uploads\/2021\/02\/Delphine_boulangerepaysanne.jpg","contentUrl":"https:\/\/www.lecarrouege.org\/wp-content\/uploads\/2021\/02\/Delphine_boulangerepaysanne.jpg","width":960,"height":960},{"@type":"BreadcrumbList","@id":"https:\/\/www.lecarrouege.org\/index.php\/2021\/02\/03\/portrait-de-delphine-paysanne-boulangere\/#breadcrumb","itemListElement":[{"@type":"ListItem","position":1,"name":"Accueil","item":"https:\/\/www.lecarrouege.org\/"},{"@type":"ListItem","position":2,"name":"Portrait de Delphine, paysanne boulang\u00e8re"}]},{"@type":"WebSite","@id":"https:\/\/www.lecarrouege.org\/#website","url":"https:\/\/www.lecarrouege.org\/","name":"Le Carrou\u00e8ge","description":"L&#039;\u00e9colieu d&#039;Adret Morvan","potentialAction":[{"@type":"SearchAction","target":{"@type":"EntryPoint","urlTemplate":"https:\/\/www.lecarrouege.org\/?s={search_term_string}"},"query-input":{"@type":"PropertyValueSpecification","valueRequired":true,"valueName":"search_term_string"}}],"inLanguage":"fr-FR"},{"@type":"Person","@id":"https:\/\/www.lecarrouege.org\/#\/schema\/person\/503448d04350f20806d8b41c4ecb6526","name":"admin7338","image":{"@type":"ImageObject","inLanguage":"fr-FR","@id":"https:\/\/www.lecarrouege.org\/#\/schema\/person\/image\/","url":"https:\/\/secure.gravatar.com\/avatar\/e3bd3890468706794dc9d8f04897c57e?s=96&d=mm&r=g","contentUrl":"https:\/\/secure.gravatar.com\/avatar\/e3bd3890468706794dc9d8f04897c57e?s=96&d=mm&r=g","caption":"admin7338"},"url":"https:\/\/www.lecarrouege.org\/author\/admin7338\/"}]}},"mfb_rest_fields":["yoast_head","yoast_head_json"],"_links":{"self":[{"href":"https:\/\/www.lecarrouege.org\/index.php\/wp-json\/wp\/v2\/posts\/1272"}],"collection":[{"href":"https:\/\/www.lecarrouege.org\/index.php\/wp-json\/wp\/v2\/posts"}],"about":[{"href":"https:\/\/www.lecarrouege.org\/index.php\/wp-json\/wp\/v2\/types\/post"}],"author":[{"embeddable":true,"href":"https:\/\/www.lecarrouege.org\/index.php\/wp-json\/wp\/v2\/users\/1"}],"replies":[{"embeddable":true,"href":"https:\/\/www.lecarrouege.org\/index.php\/wp-json\/wp\/v2\/comments?post=1272"}],"version-history":[{"count":6,"href":"https:\/\/www.lecarrouege.org\/index.php\/wp-json\/wp\/v2\/posts\/1272\/revisions"}],"predecessor-version":[{"id":1281,"href":"https:\/\/www.lecarrouege.org\/index.php\/wp-json\/wp\/v2\/posts\/1272\/revisions\/1281"}],"wp:featuredmedia":[{"embeddable":true,"href":"https:\/\/www.lecarrouege.org\/index.php\/wp-json\/wp\/v2\/media\/1274"}],"wp:attachment":[{"href":"https:\/\/www.lecarrouege.org\/index.php\/wp-json\/wp\/v2\/media?parent=1272"}],"wp:term":[{"taxonomy":"category","embeddable":true,"href":"https:\/\/www.lecarrouege.org\/index.php\/wp-json\/wp\/v2\/categories?post=1272"},{"taxonomy":"post_tag","embeddable":true,"href":"https:\/\/www.lecarrouege.org\/index.php\/wp-json\/wp\/v2\/tags?post=1272"}],"curies":[{"name":"wp","href":"https:\/\/api.w.org\/{rel}","templated":true}]}}